{"id":601,"date":"2023-07-22T16:11:46","date_gmt":"2023-07-22T16:11:46","guid":{"rendered":"https:\/\/safplusconsortium.com\/fr\/?p=601"},"modified":"2023-09-20T16:09:02","modified_gmt":"2023-09-20T16:09:02","slug":"consortium-saf-signe-un-protocole-daccord-avec-le-groupe-air-france-klm-pour-lapprovisionnement-de-carburant-durable-e-saf","status":"publish","type":"post","link":"https:\/\/safplusconsortium.com\/fr\/consortium-saf-signe-un-protocole-daccord-avec-le-groupe-air-france-klm-pour-lapprovisionnement-de-carburant-durable-e-saf\/","title":{"rendered":"Consortium SAF+ signe un protocole d\u2019accord avec le Groupe Air France KLM pour l\u2019approvisionnement de carburant durable e-SAF"},"content":{"rendered":"\t\t<div data-elementor-type=\"wp-post\" data-elementor-id=\"601\" class=\"elementor elementor-601\" data-elementor-post-type=\"post\">\n\t\t\t\t\t\t<div class=\"elementor-inner\">\n\t\t\t\t<div class=\"elementor-section-wrap\">\n\t\t\t\t\t\t\t\t\t<section class=\"elementor-section elementor-top-section elementor-element elementor-element-116e0dc elementor-section-boxed elementor-section-height-default elementor-section-height-default\" data-id=\"116e0dc\" data-element_type=\"section\">\n\t\t\t\t\t\t<div class=\"elementor-container elementor-column-gap-default\">\n\t\t\t\t\t\t\t<div class=\"elementor-row\">\n\t\t\t\t\t<div class=\"elementor-column elementor-col-100 elementor-top-column elementor-element elementor-element-aaedeb4\" data-id=\"aaedeb4\" data-element_type=\"column\">\n\t\t\t<div class=\"elementor-column-wrap\">\n\t\t\t\t\t\t\t<div class=\"elementor-widget-wrap\">\n\t\t\t\t\t\t\t\t<\/div>\n\t\t\t\t\t<\/div>\n\t\t<\/div>\n\t\t\t\t\t\t\t\t<\/div>\n\t\t\t\t\t<\/div>\n\t\t<\/section>\n\t\t\t\t<section class=\"elementor-section elementor-top-section elementor-element elementor-element-276a98d elementor-section-boxed elementor-section-height-default elementor-section-height-default\" data-id=\"276a98d\" data-element_type=\"section\">\n\t\t\t\t\t\t<div class=\"elementor-container elementor-column-gap-default\">\n\t\t\t\t\t\t\t<div class=\"elementor-row\">\n\t\t\t\t\t<div class=\"elementor-column elementor-col-100 elementor-top-column elementor-element elementor-element-b4d684a\" data-id=\"b4d684a\" data-element_type=\"column\">\n\t\t\t<div class=\"elementor-column-wrap elementor-element-populated\">\n\t\t\t\t\t\t\t<div class=\"elementor-widget-wrap\">\n\t\t\t\t\t\t<div class=\"elementor-element elementor-element-e78a897 elementor-widget elementor-widget-text-editor\" data-id=\"e78a897\" data-element_type=\"widget\" data-widget_type=\"text-editor.default\">\n\t\t\t\t<div class=\"elementor-widget-container\">\n\t\t\t\t\t\t\t\t<div class=\"elementor-text-editor elementor-clearfix\">\n\t\t\t\t<p>Consortium SAF+, chef de file mondial sp\u00e9cialis\u00e9 dans la production et la commercialisation de carburant durable e-SAF (Electro Sustainable Aviation Fuel), a sign\u00e9 un protocole d\u2019accord avec le Groupe Air France-KLM pour l\u2019approvisionnement de carburant e-SAF de seconde g\u00e9n\u00e9ration dans le cadre du Salon International de l&rsquo;A\u00e9ronautique et de l&rsquo;Espace de Paris-Le-Bourget. Les premi\u00e8res livraisons de carburant sont pr\u00e9vues d\u2019ici 2030. Cette entente confirme l\u2019expertise d\u00e9velopp\u00e9e par Consortium SAF+ au sein de son usine \u00e9tablie \u00e0 Montr\u00e9al depuis 2021.<\/p><p>\u00ab L\u2019annonce de ce partenariat renforce notre leadership et acc\u00e9l\u00e8re notre croissance \u00e0 l\u2019international. Consortium SAF+ est fi\u00e8re d\u2019appuyer la strat\u00e9gie du Groupe Air France-KLM, qui va au-del\u00e0 du mandat europ\u00e9en dans l&rsquo;incorporation de carburant durable e-SAF. Nous sommes enthousiastes de participer au d\u00e9veloppement de la fili\u00e8re de SAF en France dans le cadre de cet accord. Le carburant e-SAF r\u00e9pond aux crit\u00e8res de la feuille de route fix\u00e9e par le gouvernement fran\u00e7ais qui vise \u00e0 \u00eatre au rendez-vous de 2030 avec un volume de production en phase avec les besoins importants du secteur a\u00e9ronautique, \u00bb d\u00e9clare Jean Paquin, pr\u00e9sident et chef de la direction du Consortium SAF+.<\/p><p>\u00ab Notre gouvernement s\u2019assure que le Canada soit un leader et un partenaire strat\u00e9gique de choix en mati\u00e8re d\u2019aviation durable. Gr\u00e2ce au travail d\u2019innovateurs canadiens tel que Consortium SAF+, notre vision devient une r\u00e9alit\u00e9. C\u2019est pourquoi nous sommes fiers de voir l\u2019entreprise \u00e9tablir un nouveau partenariat strat\u00e9gique avec le Groupe Air France-KLM qui nous permettra, non seulement, d\u2019acc\u00e9l\u00e9rer le virage vert du secteur canadien de l\u2019a\u00e9rospatiale, mais \u00e9galement de soutenir la transition vers une \u00e9conomie carboneutre, \u00bb affirme l\u2019Honorable Fran\u00e7ois-Philippe Champagne, ministre de l\u2019Innovation, des Sciences et de l\u2019Industrie du Canada.<\/p><p>Le carburant de synth\u00e8se contribue \u00e0 la d\u00e9carbonation et \u00e0 la r\u00e9duction de l&#8217;empreinte CO<sub>2<\/sub> de l&rsquo;industrie a\u00e9ronautique en utilisant des mati\u00e8res premi\u00e8res disponibles et des \u00e9nergies renouvelables conformes \u00e0 la r\u00e9glementation internationale et europ\u00e9enne (CORSIA et RefuelEU).<\/p><h2>\u00c0 propos de Consortium SAF+<\/h2><p>Consortium SAF+, chef de file mondial sp\u00e9cialis\u00e9 dans la production et la commercialisation de carburant e-SAF, offre une solution \u2013 \u00e0 la fois durable et exceptionnelle \u2013 pour la d\u00e9carbonation du secteur a\u00e9rien.\u00a0 Le carburant e-SAF est l\u2019une des seules options imm\u00e9diates et efficaces \u00e0 la port\u00e9e de l\u2019industrie, afin de lui permettre de r\u00e9duire \u00e0 z\u00e9ro les \u00e9missions d\u2019ici 2050.<\/p><p>Consortium SAF+ compte une unit\u00e9 pilote \u00e0 la fine pointe de la technologie \u00e0 Montr\u00e9al qui lui a permis de d\u00e9montrer son expertise et sa capacit\u00e9 pour la production de carburant e-SAF. L\u2019entreprise d\u00e9veloppe actuellement un projet commercial d\u2019avant-garde au Qu\u00e9bec tout en \u00e9tablissant des partenariats internationaux afin de r\u00e9pondre \u00e0 la demande croissante.<\/p>\t\t\t\t\t<\/div>\n\t\t\t\t\t\t<\/div>\n\t\t\t\t<\/div>\n\t\t\t\t\t\t<\/div>\n\t\t\t\t\t<\/div>\n\t\t<\/div>\n\t\t\t\t\t\t\t\t<\/div>\n\t\t\t\t\t<\/div>\n\t\t<\/section>\n\t\t\t\t\t\t\t\t\t<\/div>\n\t\t\t<\/div>\n\t\t\t\t\t<\/div>\n\t\t","protected":false},"excerpt":{"rendered":"<p>Consortium SAF+, chef de file mondial sp\u00e9cialis\u00e9 dans la production et la commercialisation de carburant durable e-SAF (Electro Sustainable Aviation Fuel), a sign\u00e9 un protocole d\u2019accord avec le Groupe Air France-KLM pour l\u2019approvisionnement de carburant e-SAF de seconde g\u00e9n\u00e9ration dans le cadre du Salon International de l&rsquo;A\u00e9ronautique et de l&rsquo;Espace de Paris-Le-Bourget. Les premi\u00e8res livraisons de carburant sont pr\u00e9vues d\u2019ici 2030. Cette entente confirme l\u2019expertise d\u00e9velopp\u00e9e par Consortium SAF+ au sein de son usine \u00e9tablie \u00e0 Montr\u00e9al depuis 2021. <\/p>\n","protected":false},"author":2,"featured_media":603,"comment_status":"closed","ping_status":"open","sticky":false,"template":"","format":"standard","meta":{"inline_featured_image":false,"om_disable_all_campaigns":false,"_mi_skip_tracking":false,"_exactmetrics_sitenote_active":false,"_exactmetrics_sitenote_note":"","_exactmetrics_sitenote_category":0,"_monsterinsights_skip_tracking":false,"_monsterinsights_sitenote_active":false,"_monsterinsights_sitenote_note":"","_monsterinsights_sitenote_category":0,"footnotes":""},"categories":[28,4],"tags":[],"class_list":["post-601","post","type-post","status-publish","format-standard","has-post-thumbnail","hentry","category-nouvelles","category-saf"],"aioseo_notices":[],"_links":{"self":[{"href":"https:\/\/safplusconsortium.com\/fr\/wp-json\/wp\/v2\/posts\/601","targetHints":{"allow":["GET"]}}],"collection":[{"href":"https:\/\/safplusconsortium.com\/fr\/wp-json\/wp\/v2\/posts"}],"about":[{"href":"https:\/\/safplusconsortium.com\/fr\/wp-json\/wp\/v2\/types\/post"}],"author":[{"embeddable":true,"href":"https:\/\/safplusconsortium.com\/fr\/wp-json\/wp\/v2\/users\/2"}],"replies":[{"embeddable":true,"href":"https:\/\/safplusconsortium.com\/fr\/wp-json\/wp\/v2\/comments?post=601"}],"version-history":[{"count":7,"href":"https:\/\/safplusconsortium.com\/fr\/wp-json\/wp\/v2\/posts\/601\/revisions"}],"predecessor-version":[{"id":639,"href":"https:\/\/safplusconsortium.com\/fr\/wp-json\/wp\/v2\/posts\/601\/revisions\/639"}],"wp:featuredmedia":[{"embeddable":true,"href":"https:\/\/safplusconsortium.com\/fr\/wp-json\/wp\/v2\/media\/603"}],"wp:attachment":[{"href":"https:\/\/safplusconsortium.com\/fr\/wp-json\/wp\/v2\/media?parent=601"}],"wp:term":[{"taxonomy":"category","embeddable":true,"href":"https:\/\/safplusconsortium.com\/fr\/wp-json\/wp\/v2\/categories?post=601"},{"taxonomy":"post_tag","embeddable":true,"href":"https:\/\/safplusconsortium.com\/fr\/wp-json\/wp\/v2\/tags?post=601"}],"curies":[{"name":"wp","href":"https:\/\/api.w.org\/{rel}","templated":true}]}}