{"id":517,"date":"2023-05-17T15:27:21","date_gmt":"2023-05-17T15:27:21","guid":{"rendered":"https:\/\/safplusconsortium.com\/fr\/?p=517"},"modified":"2023-09-20T16:09:12","modified_gmt":"2023-09-20T16:09:12","slug":"airbus-canada-pratt-whitney-canada-et-le-consortium-saf-collaborent-au-developpement-de-carburants-aeronautiques-durables-de-nouvelle-generation-au-quebec-canada-en-anglais","status":"publish","type":"post","link":"https:\/\/safplusconsortium.com\/fr\/airbus-canada-pratt-whitney-canada-et-le-consortium-saf-collaborent-au-developpement-de-carburants-aeronautiques-durables-de-nouvelle-generation-au-quebec-canada-en-anglais\/","title":{"rendered":"Airbus Canada, Pratt &#038; Whitney Canada et le Consortium SAF+ collaborent au d\u00e9veloppement de carburants a\u00e9ronautiques durables de nouvelle g\u00e9n\u00e9ration au Qu\u00e9bec, Canada [en anglais]."},"content":{"rendered":"\t\t<div data-elementor-type=\"wp-post\" data-elementor-id=\"517\" class=\"elementor elementor-517\" data-elementor-post-type=\"post\">\n\t\t\t\t\t\t<div class=\"elementor-inner\">\n\t\t\t\t<div class=\"elementor-section-wrap\">\n\t\t\t\t\t\t\t\t\t<section class=\"elementor-section elementor-top-section elementor-element elementor-element-67aa15cb elementor-section-boxed elementor-section-height-default elementor-section-height-default\" data-id=\"67aa15cb\" data-element_type=\"section\">\n\t\t\t\t\t\t<div class=\"elementor-container elementor-column-gap-default\">\n\t\t\t\t\t\t\t<div class=\"elementor-row\">\n\t\t\t\t\t<div class=\"elementor-column elementor-col-100 elementor-top-column elementor-element elementor-element-5f8c0857\" data-id=\"5f8c0857\" data-element_type=\"column\">\n\t\t\t<div class=\"elementor-column-wrap elementor-element-populated\">\n\t\t\t\t\t\t\t<div class=\"elementor-widget-wrap\">\n\t\t\t\t\t\t<div class=\"elementor-element elementor-element-2f7ef595 elementor-widget elementor-widget-text-editor\" data-id=\"2f7ef595\" data-element_type=\"widget\" data-widget_type=\"text-editor.default\">\n\t\t\t\t<div class=\"elementor-widget-container\">\n\t\t\t\t\t\t\t\t<div class=\"elementor-text-editor elementor-clearfix\">\n\t\t\t\t<!-- wp:paragraph -->\n<p>SAF+ est fi\u00e8re de collaborer avec Airbus et Pratt &amp; Whitney dans le cadre de cette initiative passionnante visant \u00e0 d\u00e9velopper la prochaine g\u00e9n\u00e9ration de carburants a\u00e9ronautiques durables, avec le soutien du gouvernement du Qu\u00e9bec.<\/p>\n<!-- \/wp:paragraph --><!-- wp:paragraph -->\n<p><a href=\"https:\/\/www.prattwhitney.com\/en\/newsroom\/news\/2023\/04\/21\/airbus-canada-pratt-whitney-canada-and-saf-consortium-collaborate-on-developi\">https:\/\/www.prattwhitney.com\/en\/newsroom\/news\/2023\/04\/21\/airbus-canada-pratt-whitney-canada-and-saf-consortium-collaborate-on-developi<\/a><\/p>\n<!-- \/wp:paragraph --><!-- wp:image {\"id\":1267} -->\n<figure class=\"wp-block-image\"><\/figure>\n<!-- \/wp:image -->\t\t\t\t\t<\/div>\n\t\t\t\t\t\t<\/div>\n\t\t\t\t<\/div>\n\t\t\t\t\t\t<\/div>\n\t\t\t\t\t<\/div>\n\t\t<\/div>\n\t\t\t\t\t\t\t\t<\/div>\n\t\t\t\t\t<\/div>\n\t\t<\/section>\n\t\t\t\t\t\t\t\t\t<\/div>\n\t\t\t<\/div>\n\t\t\t\t\t<\/div>\n\t\t","protected":false},"excerpt":{"rendered":"<p>Modifier Colonne SAF+ est fi\u00e8re de collaborer avec Airbus et Pratt &#038; Whitney dans le cadre de cette initiative passionnante visant \u00e0 d\u00e9velopper la prochaine g\u00e9n\u00e9ration de carburants a\u00e9ronautiques durables, avec le soutien du gouvernement du Qu\u00e9bec.<\/p>\n","protected":false},"author":2,"featured_media":619,"comment_status":"closed","ping_status":"open","sticky":false,"template":"","format":"standard","meta":{"inline_featured_image":false,"om_disable_all_campaigns":false,"_mi_skip_tracking":false,"_exactmetrics_sitenote_active":false,"_exactmetrics_sitenote_note":"","_exactmetrics_sitenote_category":0,"_monsterinsights_skip_tracking":false,"_monsterinsights_sitenote_active":false,"_monsterinsights_sitenote_note":"","_monsterinsights_sitenote_category":0,"footnotes":""},"categories":[28,4],"tags":[],"class_list":["post-517","post","type-post","status-publish","format-standard","has-post-thumbnail","hentry","category-nouvelles","category-saf"],"aioseo_notices":[],"_links":{"self":[{"href":"https:\/\/safplusconsortium.com\/fr\/wp-json\/wp\/v2\/posts\/517","targetHints":{"allow":["GET"]}}],"collection":[{"href":"https:\/\/safplusconsortium.com\/fr\/wp-json\/wp\/v2\/posts"}],"about":[{"href":"https:\/\/safplusconsortium.com\/fr\/wp-json\/wp\/v2\/types\/post"}],"author":[{"embeddable":true,"href":"https:\/\/safplusconsortium.com\/fr\/wp-json\/wp\/v2\/users\/2"}],"replies":[{"embeddable":true,"href":"https:\/\/safplusconsortium.com\/fr\/wp-json\/wp\/v2\/comments?post=517"}],"version-history":[{"count":7,"href":"https:\/\/safplusconsortium.com\/fr\/wp-json\/wp\/v2\/posts\/517\/revisions"}],"predecessor-version":[{"id":625,"href":"https:\/\/safplusconsortium.com\/fr\/wp-json\/wp\/v2\/posts\/517\/revisions\/625"}],"wp:featuredmedia":[{"embeddable":true,"href":"https:\/\/safplusconsortium.com\/fr\/wp-json\/wp\/v2\/media\/619"}],"wp:attachment":[{"href":"https:\/\/safplusconsortium.com\/fr\/wp-json\/wp\/v2\/media?parent=517"}],"wp:term":[{"taxonomy":"category","embeddable":true,"href":"https:\/\/safplusconsortium.com\/fr\/wp-json\/wp\/v2\/categories?post=517"},{"taxonomy":"post_tag","embeddable":true,"href":"https:\/\/safplusconsortium.com\/fr\/wp-json\/wp\/v2\/tags?post=517"}],"curies":[{"name":"wp","href":"https:\/\/api.w.org\/{rel}","templated":true}]}}