{"id":2520,"date":"2024-07-02T14:45:29","date_gmt":"2024-07-02T14:45:29","guid":{"rendered":"https:\/\/safplusconsortium.com\/fr\/?p=2520"},"modified":"2024-08-01T19:49:46","modified_gmt":"2024-08-01T19:49:46","slug":"h2v-et-consortium-saf-signent-un-accord-de-collaboration-industrielle-en-matiere-de-carburants","status":"publish","type":"post","link":"https:\/\/safplusconsortium.com\/fr\/h2v-et-consortium-saf-signent-un-accord-de-collaboration-industrielle-en-matiere-de-carburants\/","title":{"rendered":"Le Consortium SAF+ signe un protocole d&rsquo;accord avec Schneider Electric"},"content":{"rendered":"\t\t<div data-elementor-type=\"wp-post\" data-elementor-id=\"2520\" class=\"elementor elementor-2520\" data-elementor-post-type=\"post\">\n\t\t\t\t\t\t<div class=\"elementor-inner\">\n\t\t\t\t<div class=\"elementor-section-wrap\">\n\t\t\t\t\t\t\t\t\t<section class=\"elementor-section elementor-top-section elementor-element elementor-element-116e0dc elementor-section-boxed elementor-section-height-default elementor-section-height-default\" data-id=\"116e0dc\" data-element_type=\"section\">\n\t\t\t\t\t\t<div class=\"elementor-container elementor-column-gap-default\">\n\t\t\t\t\t\t\t<div class=\"elementor-row\">\n\t\t\t\t\t<div class=\"elementor-column elementor-col-100 elementor-top-column elementor-element elementor-element-aaedeb4\" data-id=\"aaedeb4\" data-element_type=\"column\">\n\t\t\t<div class=\"elementor-column-wrap\">\n\t\t\t\t\t\t\t<div class=\"elementor-widget-wrap\">\n\t\t\t\t\t\t\t\t<\/div>\n\t\t\t\t\t<\/div>\n\t\t<\/div>\n\t\t\t\t\t\t\t\t<\/div>\n\t\t\t\t\t<\/div>\n\t\t<\/section>\n\t\t\t\t<section class=\"elementor-section elementor-top-section elementor-element elementor-element-276a98d elementor-section-boxed elementor-section-height-default elementor-section-height-default\" data-id=\"276a98d\" data-element_type=\"section\">\n\t\t\t\t\t\t<div class=\"elementor-container elementor-column-gap-default\">\n\t\t\t\t\t\t\t<div class=\"elementor-row\">\n\t\t\t\t\t<div class=\"elementor-column elementor-col-100 elementor-top-column elementor-element elementor-element-b4d684a\" data-id=\"b4d684a\" data-element_type=\"column\">\n\t\t\t<div class=\"elementor-column-wrap elementor-element-populated\">\n\t\t\t\t\t\t\t<div class=\"elementor-widget-wrap\">\n\t\t\t\t\t\t<div class=\"elementor-element elementor-element-e78a897 elementor-widget elementor-widget-text-editor\" data-id=\"e78a897\" data-element_type=\"widget\" data-widget_type=\"text-editor.default\">\n\t\t\t\t<div class=\"elementor-widget-container\">\n\t\t\t\t\t\t\t\t<div class=\"elementor-text-editor elementor-clearfix\">\n\t\t\t\t<h3>Schneider Electric accompagne SAF+ IG, pure player du e-SAF, pour optimiser l\u2019efficacit\u00e9 de ses futurs sites de production de e-carburant<\/h3>\n<p><b>Paris, le 2 juillet 2024 \u2013&nbsp;<\/b><span style=\"color: var(--sydney-text-color);\"><b>Schneider Electric<\/b>, leader de la transformation digitale de la gestion de l&rsquo;\u00e9nergie et des automatismes, et&nbsp;<\/span><a style=\"background-color: #ffffff;\" href=\"https:\/\/safplusconsortium.com\/fr\/\" target=\"_blank\" rel=\"noopener\"><b>Groupe International SAF+<\/b><\/a><span style=\"color: var(--sydney-text-color);\">&nbsp;(SAF+), pure player sp\u00e9cialis\u00e9 dans la production et la commercialisation de carburant d\u2019aviation durable e-SAF (electro-Sustainable Aviation Fuel), annoncent la signature d&rsquo;un protocole d&rsquo;accord (<\/span><em style=\"color: var(--sydney-text-color);\">Memorandum of Understanding<\/em><span style=\"color: var(--sydney-text-color);\">) commercial portant sur la mise au point d\u2019une solution industrielle optimis\u00e9e pour \u00e9quiper les futurs sites de production de SAF+.<\/span><\/p>\n<p>Le e-SAF, aussi appel\u00e9 \u00e9lectro-Carburant d\u2019Aviation Durable (e-CAD), est un carburant de synth\u00e8se compatible avec la supply chain avion actuelle et produit \u00e0 partir d\u2019hydrog\u00e8ne vert combin\u00e9 avec du dioxyde de carbone (CO<sup>2<\/sup>) d\u2019origine biog\u00e9nique. Le e-SAF est aujourd\u2019hui reconnu comme une solution efficace et imm\u00e9diate pour contribuer \u00e0 d\u00e9carboner le secteur a\u00e9ronautique, en permettant de r\u00e9duire de 90% l\u2019impact carbone et les effets de sillage en condition op\u00e9rationnelle des cellules d\u2019avion actuelles et futures.<\/p>\n<h4><strong>Combinaison de savoir-faire industriels<\/strong><\/h4>\n<p>En signant ce partenariat, SAF+ et Schneider Electric mettent en commun leurs domaines d\u2019expertises, respectivement dans le e-SAF et dans la gestion de l\u2019\u00e9nergie et des automatismes, ainsi que leur connaissance approfondie des segments de l\u2019hydrog\u00e8ne vert et de la valorisation de CO<sup>2<\/sup>&nbsp;biog\u00e9nique.<\/p>\n<blockquote>\n<p><em>\u00ab SAF+, pure player des e-SAF, r\u00e9unit une expertise technique de pointe en gestion de projets en vue de fournir des solutions de carburant durable pour l\u2019aviation. Nous voulons d\u00e9velopper la production d\u2019e-SAF, un carburant d&rsquo;aviation durable produit \u00e0 partir de CO<sup>2<\/sup>&nbsp;industriel recycl\u00e9, d\u2019eau et d&rsquo;\u00e9nergie propre, et compatible avec les avions et les infrastructures a\u00e9ronautiques existantes. Nous nous appuyons sur une coalition d\u2019acteurs internationaux de premier plan, tous issus de l\u2019ensemble de la cha\u00eene de valeur de l&rsquo;aviation \u00bb<\/em>, explique Jean Paquin, CEO de SAF+.<\/p>\n<\/blockquote>\n<p>Pr\u00e9sent dans plus de 100 pays, Schneider Electric accompagne gr\u00e2ce \u00e0 ses technologies et \u00e0 son expertise les&nbsp;<a href=\"https:\/\/www.se.com\/ww\/en\/about-us\/newsroom\/news\/press-releases\/schneider-electric-launches-industrial-digital-transformation-consulting-and-deployment-service-63d107d6056166412f0109d4?skip=63\" target=\"_blank\" rel=\"noopener\">entreprises industrielles<\/a>&nbsp;dans le d\u00e9ploiement d\u2019usines intelligentes (<em>smart factories<\/em>) et dans leur transformation digitale compl\u00e8te pour un futur innovant, efficace et durable. Dans le cadre de l\u2019accord,&nbsp;Schneider Electric apporte \u00e0 SAF+ et ses partenaires son expertise en solutions d\u2019automatismes, d\u2019instrumentation de proc\u00e9d\u00e9, d\u2019analyse de gaz et de distribution d\u2019\u00e9nergie.<\/p>\n<p>Les deux partenaires vont travailler ensemble pour concevoir une solution \u00e0 base de jumeau num\u00e9rique (<em>digital twin<\/em>). Elle doit permettre la mod\u00e9lisation et la simulation de process num\u00e9riques pour la production de e-carburant, le contr\u00f4le d\u2019\u00e9nergie (EcostruXure Power and Process), de proc\u00e9d\u00e9s (EcoStruxure Foxboro DCS) ainsi que de stockage de CO<sup>2<\/sup>&nbsp;et d&rsquo;hydrog\u00e8ne. Les solutions mises en \u0153uvre font appel \u00e0 des comp\u00e9tences en process industriel et en digital, tant pour la gestion de l\u2019\u00e9nergie que pour le pilotage du proc\u00e9d\u00e9. Schneider Electric va ainsi concevoir des solutions bas\u00e9es sur les suites logicielles AVEVA qui seront reproductibles dans les futures installations.<\/p>\n<blockquote>\n<p><em>\u00ab Schneider Electric accompagne ses clients industriels dans leur transformation digitale pour atteindre leurs objectifs de productivit\u00e9 et d\u2019efficacit\u00e9 et \u00e9galement climatiques et environnementaux,<\/em>&nbsp;d\u00e9clare Aymeric Renaud, Vice-President Industrial Automation &amp; End Users de Schneider Electric France.&nbsp;<em>Notre partenariat avec SAF+ s\u2019inscrit pleinement dans cette strat\u00e9gie, en permettant d\u2019accompagner la transition \u00e9nerg\u00e9tique du secteur a\u00e9ronautique tout en apportant une application industrielle concr\u00e8te pour la production d\u2019hydrog\u00e8ne vert.&nbsp;\u00bb<\/em><\/p>\n<\/blockquote>\n<h4><strong>Premiers pas en France<\/strong><\/h4>\n<p>Ce partenariat est initi\u00e9 par un premier projet en France. La solution sera aliment\u00e9e par des \u00e9nergies renouvelables locales. Il permettra de valider la reproductibilit\u00e9 technique et \u00e9conomique du proc\u00e9d\u00e9 sur d\u2019autres sites de raffinerie e-SAF en France, en Europe et en Am\u00e9rique du Nord.<\/p>\n<h4>\u00c0 propos du Groupe SAF+ International<\/h4>\n<p>SAF+ IG, leader mondial dans la production et la commercialisation d&rsquo;e-SAF, offre une solution durable et exceptionnelle pour d\u00e9carboniser le secteur de l&rsquo;aviation. L&rsquo;e-SAF est l&rsquo;une des seules options imm\u00e9diates et efficaces dont dispose l&rsquo;industrie pour atteindre z\u00e9ro \u00e9mission d&rsquo;ici 2050. <span style=\"color: var(--sydney-text-color);\">SAF+IG dispose d&rsquo;une usine pilote de pointe \u00e0 Montr\u00e9al o\u00f9 il a d\u00e9montr\u00e9 son expertise et ses capacit\u00e9s de production d&rsquo;e-SAF. L&rsquo;entreprise d\u00e9veloppe actuellement un projet commercial d&rsquo;envergure mondiale au Qu\u00e9bec tout en \u00e9tablissant des partenariats internationaux pour r\u00e9pondre \u00e0 la demande croissante.<\/span><\/p>\t\t\t\t\t<\/div>\n\t\t\t\t\t\t<\/div>\n\t\t\t\t<\/div>\n\t\t\t\t<div class=\"elementor-element elementor-element-18e4839 elementor-widget elementor-widget-button\" data-id=\"18e4839\" data-element_type=\"widget\" data-widget_type=\"button.default\">\n\t\t\t\t<div class=\"elementor-widget-container\">\n\t\t\t\t\t<div class=\"elementor-button-wrapper\">\n\t\t\t<a class=\"elementor-button elementor-button-link elementor-size-sm\" href=\"https:\/\/safplusconsortium.com\/fr\/wp-content\/uploads\/sites\/2\/2023\/10\/Communique-de-presse_Consortium-SAF-et-H2V_FR_FINAL-12-octobre-2023.pdf\">\n\t\t\t\t\t\t<span class=\"elementor-button-content-wrapper\">\n\t\t\t\t\t\t<span class=\"elementor-button-text\">T\u00e9l\u00e9charger le communiqu\u00e9 de presse<\/span>\n\t\t<\/span>\n\t\t\t\t\t<\/a>\n\t\t<\/div>\n\t\t\t\t<\/div>\n\t\t\t\t<\/div>\n\t\t\t\t\t\t<\/div>\n\t\t\t\t\t<\/div>\n\t\t<\/div>\n\t\t\t\t\t\t\t\t<\/div>\n\t\t\t\t\t<\/div>\n\t\t<\/section>\n\t\t\t\t\t\t\t\t\t<\/div>\n\t\t\t<\/div>\n\t\t\t\t\t<\/div>\n\t\t","protected":false},"excerpt":{"rendered":"<p>Paris, le 2\u00a0juillet 2024 \u2014 Le Groupe SAF+ International, leader mondial dans la production et la commercialisation de l&rsquo;e-SAF (Electro Sustainable Aviation Fuel), a sign\u00e9 un protocole d&rsquo;accord avec Schneider Electric. \u00ab\u2009Cet acte fondateur est le point de d\u00e9part d&rsquo;une ambition partag\u00e9e pour atteindre les objectifs de d\u00e9carbonisation du secteur de l&rsquo;aviation\u2009\u00bb, d\u00e9clare Jean Paquin, fondateur et PDG de SAF+IG. Le gouvernement canadien, et en particulier l&rsquo;Ambassade du Canada en France, a apport\u00e9 un soutien continu pour rendre cette \u00e9tape possible. Cet accord confirme l&rsquo;expertise d\u00e9velopp\u00e9e par le Consortium SAF+ dans son usine de Montr\u00e9al depuis 2021. <\/p>\n","protected":false},"author":2,"featured_media":2899,"comment_status":"closed","ping_status":"closed","sticky":false,"template":"","format":"standard","meta":{"inline_featured_image":false,"om_disable_all_campaigns":false,"_mi_skip_tracking":false,"_exactmetrics_sitenote_active":false,"_exactmetrics_sitenote_note":"","_exactmetrics_sitenote_category":0,"_monsterinsights_skip_tracking":false,"_monsterinsights_sitenote_active":false,"_monsterinsights_sitenote_note":"","_monsterinsights_sitenote_category":0,"footnotes":""},"categories":[28,4],"tags":[],"class_list":["post-2520","post","type-post","status-publish","format-standard","has-post-thumbnail","hentry","category-nouvelles","category-saf"],"aioseo_notices":[],"_links":{"self":[{"href":"https:\/\/safplusconsortium.com\/fr\/wp-json\/wp\/v2\/posts\/2520","targetHints":{"allow":["GET"]}}],"collection":[{"href":"https:\/\/safplusconsortium.com\/fr\/wp-json\/wp\/v2\/posts"}],"about":[{"href":"https:\/\/safplusconsortium.com\/fr\/wp-json\/wp\/v2\/types\/post"}],"author":[{"embeddable":true,"href":"https:\/\/safplusconsortium.com\/fr\/wp-json\/wp\/v2\/users\/2"}],"replies":[{"embeddable":true,"href":"https:\/\/safplusconsortium.com\/fr\/wp-json\/wp\/v2\/comments?post=2520"}],"version-history":[{"count":13,"href":"https:\/\/safplusconsortium.com\/fr\/wp-json\/wp\/v2\/posts\/2520\/revisions"}],"predecessor-version":[{"id":2903,"href":"https:\/\/safplusconsortium.com\/fr\/wp-json\/wp\/v2\/posts\/2520\/revisions\/2903"}],"wp:featuredmedia":[{"embeddable":true,"href":"https:\/\/safplusconsortium.com\/fr\/wp-json\/wp\/v2\/media\/2899"}],"wp:attachment":[{"href":"https:\/\/safplusconsortium.com\/fr\/wp-json\/wp\/v2\/media?parent=2520"}],"wp:term":[{"taxonomy":"category","embeddable":true,"href":"https:\/\/safplusconsortium.com\/fr\/wp-json\/wp\/v2\/categories?post=2520"},{"taxonomy":"post_tag","embeddable":true,"href":"https:\/\/safplusconsortium.com\/fr\/wp-json\/wp\/v2\/tags?post=2520"}],"curies":[{"name":"wp","href":"https:\/\/api.w.org\/{rel}","templated":true}]}}