{"id":1897,"date":"2023-09-20T16:26:56","date_gmt":"2023-09-20T16:26:56","guid":{"rendered":"https:\/\/safplusconsortium.com\/fr\/?p=1897"},"modified":"2023-09-21T14:39:05","modified_gmt":"2023-09-21T14:39:05","slug":"jean-paquin-president-et-chef-de-la-direction-de-saf-en-entrevue-dans-the-saf-podcast","status":"publish","type":"post","link":"https:\/\/safplusconsortium.com\/fr\/jean-paquin-president-et-chef-de-la-direction-de-saf-en-entrevue-dans-the-saf-podcast\/","title":{"rendered":"Jean Paquin, pr\u00e9sident et chef de la direction de SAF+ en entrevue dans The SAF Podcast"},"content":{"rendered":"\t\t<div data-elementor-type=\"wp-post\" data-elementor-id=\"1897\" class=\"elementor elementor-1897\" data-elementor-post-type=\"post\">\n\t\t\t\t\t\t<div class=\"elementor-inner\">\n\t\t\t\t<div class=\"elementor-section-wrap\">\n\t\t\t\t\t\t\t\t\t<section class=\"elementor-section elementor-top-section elementor-element elementor-element-116e0dc elementor-section-boxed elementor-section-height-default elementor-section-height-default\" data-id=\"116e0dc\" data-element_type=\"section\">\n\t\t\t\t\t\t<div class=\"elementor-container elementor-column-gap-default\">\n\t\t\t\t\t\t\t<div class=\"elementor-row\">\n\t\t\t\t\t<div class=\"elementor-column elementor-col-100 elementor-top-column elementor-element elementor-element-aaedeb4\" data-id=\"aaedeb4\" data-element_type=\"column\">\n\t\t\t<div class=\"elementor-column-wrap\">\n\t\t\t\t\t\t\t<div class=\"elementor-widget-wrap\">\n\t\t\t\t\t\t\t\t<\/div>\n\t\t\t\t\t<\/div>\n\t\t<\/div>\n\t\t\t\t\t\t\t\t<\/div>\n\t\t\t\t\t<\/div>\n\t\t<\/section>\n\t\t\t\t<section class=\"elementor-section elementor-top-section elementor-element elementor-element-276a98d elementor-section-boxed elementor-section-height-default elementor-section-height-default\" data-id=\"276a98d\" data-element_type=\"section\">\n\t\t\t\t\t\t<div class=\"elementor-container elementor-column-gap-default\">\n\t\t\t\t\t\t\t<div class=\"elementor-row\">\n\t\t\t\t\t<div class=\"elementor-column elementor-col-100 elementor-top-column elementor-element elementor-element-b4d684a\" data-id=\"b4d684a\" data-element_type=\"column\">\n\t\t\t<div class=\"elementor-column-wrap elementor-element-populated\">\n\t\t\t\t\t\t\t<div class=\"elementor-widget-wrap\">\n\t\t\t\t\t\t<div class=\"elementor-element elementor-element-e78a897 elementor-widget elementor-widget-text-editor\" data-id=\"e78a897\" data-element_type=\"widget\" data-widget_type=\"text-editor.default\">\n\t\t\t\t<div class=\"elementor-widget-container\">\n\t\t\t\t\t\t\t\t<div class=\"elementor-text-editor elementor-clearfix\">\n\t\t\t\t<p>Le pr\u00e9sident et chef de la direction de Consortium SAF+, Jean Paquin,\u00a0a accord\u00e9 une entrevue \u00e0 Alasdair Whyte dans un r\u00e9cent \u00e9pisode de\u00a0<i>The SAF Podcast<\/i>. Au cours de la discussion, Jean explique comment SAF+ fait figure de pionnier dans la transition vers une aviation durable en r\u00e9duisant l\u2019empreinte carbone du carburant \u00e0 z\u00e9ro \u00e9mission nette d\u2019ici 2050. Il pr\u00e9sente les progr\u00e8s r\u00e9cents de son \u00e9quipe en vue de la mise sur pied d\u2019un portfolio international de sites de production d\u2019e-SAF en Europe, en Am\u00e9rique du Nord et dans d\u2019autres r\u00e9gions du monde. \u00c0 la lumi\u00e8re de cette discussion, il est clair que SAF+ est en mesure d\u2019offrir une int\u00e9gration technologique de pointe en vue de fournir une solution durable et exceptionnelle, pr\u00eate \u00e0 \u00eatre commercialis\u00e9e, pour la d\u00e9carbonation du secteur de l\u2019aviation.\u00a0<\/p>\t\t\t\t\t<\/div>\n\t\t\t\t\t\t<\/div>\n\t\t\t\t<\/div>\n\t\t\t\t<div class=\"elementor-element elementor-element-12007e6 elementor-widget elementor-widget-button\" data-id=\"12007e6\" data-element_type=\"widget\" data-widget_type=\"button.default\">\n\t\t\t\t<div class=\"elementor-widget-container\">\n\t\t\t\t\t<div class=\"elementor-button-wrapper\">\n\t\t\t<a class=\"elementor-button elementor-button-link elementor-size-sm\" href=\"https:\/\/www.buzzsprout.com\/2202964\/13512160\">\n\t\t\t\t\t\t<span class=\"elementor-button-content-wrapper\">\n\t\t\t\t\t\t<span class=\"elementor-button-text\">\u00c9COUTEZ LE BALADO (en anglais)<\/span>\n\t\t<\/span>\n\t\t\t\t\t<\/a>\n\t\t<\/div>\n\t\t\t\t<\/div>\n\t\t\t\t<\/div>\n\t\t\t\t\t\t<\/div>\n\t\t\t\t\t<\/div>\n\t\t<\/div>\n\t\t\t\t\t\t\t\t<\/div>\n\t\t\t\t\t<\/div>\n\t\t<\/section>\n\t\t\t\t\t\t\t\t\t<\/div>\n\t\t\t<\/div>\n\t\t\t\t\t<\/div>\n\t\t","protected":false},"excerpt":{"rendered":"<p>Le pr\u00e9sident et chef de la direction de Consortium SAF+, Jean Paquin, a accord\u00e9 une entrevue \u00e0 Alasdair Whyte dans un r\u00e9cent \u00e9pisode de The SAF Podcast. Au cours de la discussion, Jean explique comment SAF+ fait figure de pionnier dans la transition vers une aviation durable en r\u00e9duisant l\u2019empreinte carbone du carburant \u00e0 z\u00e9ro \u00e9mission nette d\u2019ici 2050. Il pr\u00e9sente les progr\u00e8s r\u00e9cents de son \u00e9quipe en vue de la mise sur pied d\u2019un portfolio international de sites de production d\u2019e-SAF en Europe, en Am\u00e9rique du Nord et dans d\u2019autres r\u00e9gions du monde. \u00c0 la lumi\u00e8re de cette discussion, il est clair que SAF+ est en mesure d\u2019offrir une int\u00e9gration technologique de pointe en vue de fournir une solution durable et exceptionnelle, pr\u00eate \u00e0 \u00eatre commercialis\u00e9e, pour la d\u00e9carbonation du secteur de l\u2019aviation. <\/p>\n","protected":false},"author":2,"featured_media":1906,"comment_status":"closed","ping_status":"open","sticky":false,"template":"","format":"standard","meta":{"inline_featured_image":false,"om_disable_all_campaigns":false,"_mi_skip_tracking":false,"_exactmetrics_sitenote_active":false,"_exactmetrics_sitenote_note":"","_exactmetrics_sitenote_category":0,"_monsterinsights_skip_tracking":false,"_monsterinsights_sitenote_active":false,"_monsterinsights_sitenote_note":"","_monsterinsights_sitenote_category":0,"footnotes":""},"categories":[29,4],"tags":[],"class_list":["post-1897","post","type-post","status-publish","format-standard","has-post-thumbnail","hentry","category-podcast","category-saf"],"aioseo_notices":[],"_links":{"self":[{"href":"https:\/\/safplusconsortium.com\/fr\/wp-json\/wp\/v2\/posts\/1897","targetHints":{"allow":["GET"]}}],"collection":[{"href":"https:\/\/safplusconsortium.com\/fr\/wp-json\/wp\/v2\/posts"}],"about":[{"href":"https:\/\/safplusconsortium.com\/fr\/wp-json\/wp\/v2\/types\/post"}],"author":[{"embeddable":true,"href":"https:\/\/safplusconsortium.com\/fr\/wp-json\/wp\/v2\/users\/2"}],"replies":[{"embeddable":true,"href":"https:\/\/safplusconsortium.com\/fr\/wp-json\/wp\/v2\/comments?post=1897"}],"version-history":[{"count":9,"href":"https:\/\/safplusconsortium.com\/fr\/wp-json\/wp\/v2\/posts\/1897\/revisions"}],"predecessor-version":[{"id":1909,"href":"https:\/\/safplusconsortium.com\/fr\/wp-json\/wp\/v2\/posts\/1897\/revisions\/1909"}],"wp:featuredmedia":[{"embeddable":true,"href":"https:\/\/safplusconsortium.com\/fr\/wp-json\/wp\/v2\/media\/1906"}],"wp:attachment":[{"href":"https:\/\/safplusconsortium.com\/fr\/wp-json\/wp\/v2\/media?parent=1897"}],"wp:term":[{"taxonomy":"category","embeddable":true,"href":"https:\/\/safplusconsortium.com\/fr\/wp-json\/wp\/v2\/categories?post=1897"},{"taxonomy":"post_tag","embeddable":true,"href":"https:\/\/safplusconsortium.com\/fr\/wp-json\/wp\/v2\/tags?post=1897"}],"curies":[{"name":"wp","href":"https:\/\/api.w.org\/{rel}","templated":true}]}}